{"id":1093,"date":"2018-06-16T17:12:11","date_gmt":"2018-06-16T17:12:11","guid":{"rendered":"http:\/\/kstll.eu\/?p=1093"},"modified":"2018-06-23T17:55:18","modified_gmt":"2018-06-23T17:55:18","slug":"tipy-pre-horske-bicykle","status":"publish","type":"post","link":"https:\/\/kstll.eu\/index.php\/2018\/06\/16\/tipy-pre-horske-bicykle\/","title":{"rendered":"Tipy pre horsk\u00e9 bicykle"},"content":{"rendered":"<p>Pekn\u00e1 menej zn\u00e1ma cyklotrasa sa nach\u00e1dza v K\u00farskej doline, nie je zna\u010den\u00e1. V\u00fdchodisko je z Kras\u0148an za k\u00f3rejskou dedinou, kde sme nechali auto a vytiahli bicykle.<\/p>\n<p>Spo\u010diatku trasa kop\u00edruje modr\u00fa TZ, za rampou pokra\u010duje po nezna\u010denej lesnej ceste. Po asi kilometri je \u010fal\u0161ia rampa, hor\u00e1re\u0148 \u00a0a n\u00e1pis na strome \u017ee z\u00e1kaz vstupu, ktor\u00fd sme prehliadli.<\/p>\n<p>Na ceste sme vyru\u0161ili asi metrov\u00fa vretenicu, zaujala bojov\u00fd postoj, rad\u0161ej sme ju obl\u00fakom obi\u0161li. Tam sa u\u017e otv\u00e1rali kr\u00e1sne v\u00fdh\u013eady na hrebe\u0148 &#8211; Stratenec, \u0164avie chrbty, Such\u00fd a zhora a\u017e po Chleb a Stoh.<\/p>\n<p>Cesta ide skoro a\u017e na sedlo Brestov odkia\u013e u\u017e kles\u00e1 nasp\u00e4\u0165 ku rampe kde n\u00e1s u\u017e vretenica ne\u010dakala, asi ju to omrzelo. Cel\u00fd okruh je 17 km s prev\u00fd\u0161en\u00edm asi 600 m, hore. Je to kr\u00e1sny okruh divokou pr\u00edrodou, \u0161koda \u017ee nie je prepoj na cestu z Jed\u013eoviny na chatu pod such\u00fdm.<\/p>\n<style type=\"text\/css\">\r\n\t#foogallery-gallery-1091 .fg-image {\r\n        width: 150px;\r\n    }\r\n<\/style>\r\n\t\t\t\t<div class=\"foogallery foogallery-container foogallery-default foogallery-lightbox-foobox fg-gutter-10 fg-center fg-default fg-light fg-border-thin fg-shadow-outline fg-loading-default fg-loaded-fade-in fg-caption-hover fg-hover-fade fg-hover-zoom fg-ready\" id=\"foogallery-gallery-1091\" data-foogallery=\"{&quot;item&quot;:{&quot;showCaptionTitle&quot;:true,&quot;showCaptionDescription&quot;:true},&quot;lazy&quot;:true}\" >\r\n\t<div class=\"fg-item fg-type-image fg-idle\"><figure class=\"fg-item-inner\"><a href=\"https:\/\/kstll.eu\/wp-content\/uploads\/2018\/06\/panorama.jpg\" data-caption-title=\"Stratenec, \u0164avie chrbty, Such\u00fd\" data-attachment-id=\"1086\" class=\"fg-thumb\"><span class=\"fg-image-wrap\"><img title=\"Stratenec, \u0164avie chrbty, Such\u00fd\" width=\"150\" height=\"150\" class=\"skip-lazy fg-image\" data-src-fg=\"https:\/\/kstll.eu\/wp-content\/uploads\/cache\/2018\/06\/panorama\/1551245864.jpg\" src=\"data:image\/svg+xml,%3Csvg%20xmlns%3D%22http%3A%2F%2Fwww.w3.org%2F2000%2Fsvg%22%20width%3D%22150%22%20height%3D%22150%22%20viewBox%3D%220%200%20150%20150%22%3E%3C%2Fsvg%3E\" loading=\"eager\"><\/span><span class=\"fg-image-overlay\"><\/span><\/a><figcaption class=\"fg-caption\"><div class=\"fg-caption-inner\"><div class=\"fg-caption-title\">Stratenec, \u0164avie chrbty, Such\u00fd<\/div><\/div><\/figcaption><\/figure><div class=\"fg-loader\"><\/div><\/div><div class=\"fg-item fg-type-image fg-idle\"><figure class=\"fg-item-inner\"><a href=\"https:\/\/kstll.eu\/wp-content\/uploads\/2018\/06\/cesta.jpg\" data-caption-title=\"cesta dole vzadu Stratenec\" data-attachment-id=\"1085\" class=\"fg-thumb\"><span class=\"fg-image-wrap\"><img title=\"cesta dole vzadu Stratenec\" width=\"150\" height=\"150\" class=\"skip-lazy fg-image\" data-src-fg=\"https:\/\/kstll.eu\/wp-content\/uploads\/cache\/2018\/06\/cesta\/548027453.jpg\" src=\"data:image\/svg+xml,%3Csvg%20xmlns%3D%22http%3A%2F%2Fwww.w3.org%2F2000%2Fsvg%22%20width%3D%22150%22%20height%3D%22150%22%20viewBox%3D%220%200%20150%20150%22%3E%3C%2Fsvg%3E\" loading=\"eager\"><\/span><span class=\"fg-image-overlay\"><\/span><\/a><figcaption class=\"fg-caption\"><div class=\"fg-caption-inner\"><div class=\"fg-caption-title\">cesta dole vzadu Stratenec<\/div><\/div><\/figcaption><\/figure><div class=\"fg-loader\"><\/div><\/div><\/div>\r\n\n<p>\u010eal\u0161ia trasa, asi zn\u00e1mej\u0161ia na Polom cez ka\u0148on Str\u00e1\u0148avsk\u00e9ho potoka okolo &#8220;Str\u00e1\u0148avskej diery&#8221;. Zo \u017diliny cez Vi\u0161\u0148ov\u00e9, ka\u0148on, sedlo Javorina k pam\u00e4tn\u00edku, nasp\u00e4\u0165 do Stre\u010dna ponad Doma\u0161\u00edn s pivnou z\u00e1stavkou, a okolo vodn\u00e9ho diela do \u017diliny. Nad Doma\u0161\u00ednom s\u00fa kr\u00e1sne v\u00fdh\u013eady na hrady stre\u010dnianske. Cel\u00e9 to je 42 km, prev\u00fd\u0161enie okolo 700 m, hore.<\/p>\n<style type=\"text\/css\">\r\n\t#foogallery-gallery-1092 .fg-image {\r\n        width: 150px;\r\n    }\r\n<\/style>\r\n\t\t\t\t<div class=\"foogallery foogallery-container foogallery-default foogallery-lightbox-foobox fg-gutter-10 fg-center fg-default fg-light fg-border-thin fg-shadow-outline fg-loading-default fg-loaded-fade-in fg-caption-hover fg-hover-fade fg-hover-zoom fg-ready\" id=\"foogallery-gallery-1092\" data-foogallery=\"{&quot;item&quot;:{&quot;showCaptionTitle&quot;:true,&quot;showCaptionDescription&quot;:true},&quot;lazy&quot;:true}\" >\r\n\t<div class=\"fg-item fg-type-image fg-idle\"><figure class=\"fg-item-inner\"><a href=\"https:\/\/kstll.eu\/wp-content\/uploads\/2018\/06\/strecno.jpg\" data-caption-title=\"Stre\u010dniansky hrad z Doma\u0161iny\" data-attachment-id=\"1090\" class=\"fg-thumb\"><span class=\"fg-image-wrap\"><img title=\"Stre\u010dniansky hrad z Doma\u0161iny\" width=\"150\" height=\"150\" class=\"skip-lazy fg-image\" data-src-fg=\"https:\/\/kstll.eu\/wp-content\/uploads\/cache\/2018\/06\/strecno\/2204480407.jpg\" src=\"data:image\/svg+xml,%3Csvg%20xmlns%3D%22http%3A%2F%2Fwww.w3.org%2F2000%2Fsvg%22%20width%3D%22150%22%20height%3D%22150%22%20viewBox%3D%220%200%20150%20150%22%3E%3C%2Fsvg%3E\" loading=\"eager\"><\/span><span class=\"fg-image-overlay\"><\/span><\/a><figcaption class=\"fg-caption\"><div class=\"fg-caption-inner\"><div class=\"fg-caption-title\">Stre\u010dniansky hrad z Doma\u0161iny<\/div><\/div><\/figcaption><\/figure><div class=\"fg-loader\"><\/div><\/div><div class=\"fg-item fg-type-image fg-idle\"><figure class=\"fg-item-inner\"><a href=\"https:\/\/kstll.eu\/wp-content\/uploads\/2018\/06\/starhrad.jpg\" data-caption-title=\"Star\u00fd hrad\" data-attachment-id=\"1089\" class=\"fg-thumb\"><span class=\"fg-image-wrap\"><img title=\"Star\u00fd hrad\" width=\"150\" height=\"150\" class=\"skip-lazy fg-image\" data-src-fg=\"https:\/\/kstll.eu\/wp-content\/uploads\/cache\/2018\/06\/starhrad\/3112618698.jpg\" src=\"data:image\/svg+xml,%3Csvg%20xmlns%3D%22http%3A%2F%2Fwww.w3.org%2F2000%2Fsvg%22%20width%3D%22150%22%20height%3D%22150%22%20viewBox%3D%220%200%20150%20150%22%3E%3C%2Fsvg%3E\" loading=\"eager\"><\/span><span class=\"fg-image-overlay\"><\/span><\/a><figcaption class=\"fg-caption\"><div class=\"fg-caption-inner\"><div class=\"fg-caption-title\">Star\u00fd hrad<\/div><\/div><\/figcaption><\/figure><div class=\"fg-loader\"><\/div><\/div><div class=\"fg-item fg-type-image fg-idle\"><figure class=\"fg-item-inner\"><a href=\"https:\/\/kstll.eu\/wp-content\/uploads\/2018\/06\/pamatnik.jpg\" data-caption-title=\"Pri pam\u00e4tn\u00edku\" data-attachment-id=\"1088\" class=\"fg-thumb\"><span class=\"fg-image-wrap\"><img title=\"Pri pam\u00e4tn\u00edku\" width=\"150\" height=\"150\" class=\"skip-lazy fg-image\" data-src-fg=\"https:\/\/kstll.eu\/wp-content\/uploads\/cache\/2018\/06\/pamatnik\/2396457010.jpg\" src=\"data:image\/svg+xml,%3Csvg%20xmlns%3D%22http%3A%2F%2Fwww.w3.org%2F2000%2Fsvg%22%20width%3D%22150%22%20height%3D%22150%22%20viewBox%3D%220%200%20150%20150%22%3E%3C%2Fsvg%3E\" loading=\"eager\"><\/span><span class=\"fg-image-overlay\"><\/span><\/a><figcaption class=\"fg-caption\"><div class=\"fg-caption-inner\"><div class=\"fg-caption-title\">Pri pam\u00e4tn\u00edku<\/div><\/div><\/figcaption><\/figure><div class=\"fg-loader\"><\/div><\/div><div class=\"fg-item fg-type-image fg-idle\"><figure class=\"fg-item-inner\"><a href=\"https:\/\/kstll.eu\/wp-content\/uploads\/2018\/06\/okno.jpg\" data-caption-title=\"Stranianska diera\" data-attachment-id=\"1087\" class=\"fg-thumb\"><span class=\"fg-image-wrap\"><img title=\"Stranianska diera\" width=\"150\" height=\"150\" class=\"skip-lazy fg-image\" data-src-fg=\"https:\/\/kstll.eu\/wp-content\/uploads\/cache\/2018\/06\/okno\/3320255642.jpg\" src=\"data:image\/svg+xml,%3Csvg%20xmlns%3D%22http%3A%2F%2Fwww.w3.org%2F2000%2Fsvg%22%20width%3D%22150%22%20height%3D%22150%22%20viewBox%3D%220%200%20150%20150%22%3E%3C%2Fsvg%3E\" loading=\"eager\"><\/span><span class=\"fg-image-overlay\"><\/span><\/a><figcaption class=\"fg-caption\"><div class=\"fg-caption-inner\"><div class=\"fg-caption-title\">Stranianska diera<\/div><\/div><\/figcaption><\/figure><div class=\"fg-loader\"><\/div><\/div><\/div>\r\n\n","protected":false},"excerpt":{"rendered":"<p>Pekn\u00e1 menej zn\u00e1ma cyklotrasa sa nach\u00e1dza v K\u00farskej doline, nie je zna\u010den\u00e1. V\u00fdchodisko je z Kras\u0148an za k\u00f3rejskou dedinou, kde sme nechali auto a vytiahli bicykle. Spo\u010diatku trasa kop\u00edruje modr\u00fa TZ, za rampou pokra\u010duje po nezna\u010denej lesnej ceste. Po asi &hellip; <a href=\"https:\/\/kstll.eu\/index.php\/2018\/06\/16\/tipy-pre-horske-bicykle\/\">Continued<\/a><\/p>\n","protected":false},"author":1,"featured_media":0,"comment_status":"open","ping_status":"closed","sticky":false,"template":"","format":"standard","meta":[],"categories":[5],"tags":[],"_links":{"self":[{"href":"https:\/\/kstll.eu\/index.php\/wp-json\/wp\/v2\/posts\/1093"}],"collection":[{"href":"https:\/\/kstll.eu\/index.php\/wp-json\/wp\/v2\/posts"}],"about":[{"href":"https:\/\/kstll.eu\/index.php\/wp-json\/wp\/v2\/types\/post"}],"author":[{"embeddable":true,"href":"https:\/\/kstll.eu\/index.php\/wp-json\/wp\/v2\/users\/1"}],"replies":[{"embeddable":true,"href":"https:\/\/kstll.eu\/index.php\/wp-json\/wp\/v2\/comments?post=1093"}],"version-history":[{"count":5,"href":"https:\/\/kstll.eu\/index.php\/wp-json\/wp\/v2\/posts\/1093\/revisions"}],"predecessor-version":[{"id":1098,"href":"https:\/\/kstll.eu\/index.php\/wp-json\/wp\/v2\/posts\/1093\/revisions\/1098"}],"wp:attachment":[{"href":"https:\/\/kstll.eu\/index.php\/wp-json\/wp\/v2\/media?parent=1093"}],"wp:term":[{"taxonomy":"category","embeddable":true,"href":"https:\/\/kstll.eu\/index.php\/wp-json\/wp\/v2\/categories?post=1093"},{"taxonomy":"post_tag","embeddable":true,"href":"https:\/\/kstll.eu\/index.php\/wp-json\/wp\/v2\/tags?post=1093"}],"curies":[{"name":"wp","href":"https:\/\/api.w.org\/{rel}","templated":true}]}}