{"id":1850,"date":"2019-09-01T17:22:43","date_gmt":"2019-09-01T17:22:43","guid":{"rendered":"http:\/\/kstll.eu\/?p=1850"},"modified":"2019-09-03T08:16:32","modified_gmt":"2019-09-03T08:16:32","slug":"zapadne-tatry-082019","status":"publish","type":"post","link":"https:\/\/kstll.eu\/index.php\/2019\/09\/01\/zapadne-tatry-082019\/","title":{"rendered":"Z\u00e1padn\u00e9 Tatry 082019"},"content":{"rendered":"<p><strong>Jesenn\u00fd z\u00e1jazd : \u00a0 Z\u00e1padn\u00e9 Tatry\u00a0<\/strong><strong>29.8. \u2013 1.9.2019<\/strong><\/p>\n<p>Prv\u00fd de\u0148 sme vyrazili od Hor\u00e1rne pod Bielou skalou za pekn\u00e9ho po\u010dasia smer Siv\u00fd vrch. Po pomerne n\u00e1ro\u010dnom preliezan\u00ed cez skaln\u00e9 mesto, kde v kritick\u00fdch \u00fasekoch sme museli potl\u00e1\u010da\u0165 za zadnice 2 \u010ce\u0161ky (Ilonka mi dala aj kontakt), sme dosiahli vrchol. Po zostupe do sedla P\u00e1lenica sme zmenili smer trasy do Zuberca, kv\u00f4li pribli\u017euj\u00facej sa b\u00farke.\u00a0In\u00e1\u010d tie poobed\u0148aj\u0161ie b\u00farky boli ka\u017ed\u00fd de\u0148..<\/p>\n<p>Druh\u00fd de\u0148 bola v pl\u00e1ne t\u00fara cez hlavn\u00fd hrebe\u0148, ale vzh\u013eadom na zhor\u0161uj\u00face sa po\u010dasie sme dali pri \u0164atlia\u010dke po nieko\u013eko hafirov\u00edc a vybrali sa len na Roh\u00e1\u010dske ples\u00e1, kde sme aj riadne zmokli.<\/p>\n<p>Tret\u00ed de\u0148 sme neriskovali a i\u0161li lanovkou v Sp\u00e1lenej a hore smer Brestov\u00e1, nasp\u00e4\u0165 sme stihli d\u00f4js\u0165 e\u0161te za pekn\u00e9ho po\u010dasia do bufetu na hornej stanici a znova b\u00farka, tak\u017ee zas hafirovice &#8230;<\/p>\n<p>Niektor\u00ed nakoniec vy\u0161li aj na Ostr\u00fd roh\u00e1\u010d cez Volovec, 9 na Salat\u00edn a 7 diev\u010dat cez Skriniarky na Roh. vodop\u00e1d.<\/p>\n<p>\u0160tvrt\u00fd de\u0148 boli len \u013eahk\u00e9 prech\u00e1dzky na Oraviciach, u\u017e sme nezmokli (aspo\u0148 nie z vonku).<\/p>\n<p>Bolo by vhodn\u00e9 prehodnoti\u0165 term\u00edn tak\u00fdchto ako\u017ee &#8220;jesenn\u00fdch&#8221; v\u00fdletov vzh\u013eadom na v\u00fdvoj po\u010dasia, nako\u013eko pohybova\u0165 sa vo vysokohorskom ter\u00e9ne po\u010das letnej b\u00farky je \u017eivotu nebezpe\u010dn\u00e9 o \u010dom sved\u010dia aj \u0161tatistiky smr\u0165\u00e1kov od z\u00e1sahu bleskom.<\/p>\n<p>Pre\u017eili sme to bez \u00farazu, \u010fakujem v\u0161etk\u00fdm 41 z\u00fa\u010dastnen\u00fdm za pr\u00edjemn\u00fa spolo\u010dnos\u0165.<\/p>\n<p>SB<\/p>\n<style type=\"text\/css\">\r\n\t#foogallery-gallery-1869 .fg-image {\r\n        width: 150px;\r\n    }\r\n<\/style>\r\n\t\t\t\t<div class=\"foogallery foogallery-container foogallery-default foogallery-lightbox-foobox fg-gutter-10 fg-center fg-default fg-light fg-border-thin fg-shadow-outline fg-loading-default fg-loaded-fade-in fg-caption-hover fg-hover-fade fg-hover-zoom fg-ready\" id=\"foogallery-gallery-1869\" data-foogallery=\"{&quot;item&quot;:{&quot;showCaptionTitle&quot;:true,&quot;showCaptionDescription&quot;:true},&quot;lazy&quot;:true}\" >\r\n\t<div class=\"fg-item fg-type-image fg-idle\"><figure class=\"fg-item-inner\"><a href=\"https:\/\/kstll.eu\/wp-content\/uploads\/2019\/09\/r_10.jpg\" data-caption-title=\"Z\u00e1ver na Zverovke\" data-attachment-id=\"1868\" class=\"fg-thumb\"><span class=\"fg-image-wrap\"><img title=\"Z\u00e1ver na Zverovke\" width=\"150\" height=\"150\" class=\"skip-lazy fg-image\" data-src-fg=\"https:\/\/kstll.eu\/wp-content\/uploads\/cache\/2019\/09\/r_10\/788517194.jpg\" src=\"data:image\/svg+xml,%3Csvg%20xmlns%3D%22http%3A%2F%2Fwww.w3.org%2F2000%2Fsvg%22%20width%3D%22150%22%20height%3D%22150%22%20viewBox%3D%220%200%20150%20150%22%3E%3C%2Fsvg%3E\" loading=\"eager\"><\/span><span class=\"fg-image-overlay\"><\/span><\/a><figcaption class=\"fg-caption\"><div class=\"fg-caption-inner\"><div class=\"fg-caption-title\">Z\u00e1ver na Zverovke<\/div><\/div><\/figcaption><\/figure><div class=\"fg-loader\"><\/div><\/div><div class=\"fg-item fg-type-image fg-idle\"><figure class=\"fg-item-inner\"><a href=\"https:\/\/kstll.eu\/wp-content\/uploads\/2019\/09\/r_09.jpg\" data-caption-title=\"Svahy na freeride v zime\" data-attachment-id=\"1867\" class=\"fg-thumb\"><span class=\"fg-image-wrap\"><img title=\"Svahy na freeride v zime\" width=\"150\" height=\"150\" class=\"skip-lazy fg-image\" data-src-fg=\"https:\/\/kstll.eu\/wp-content\/uploads\/cache\/2019\/09\/r_09\/2003842908.jpg\" src=\"data:image\/svg+xml,%3Csvg%20xmlns%3D%22http%3A%2F%2Fwww.w3.org%2F2000%2Fsvg%22%20width%3D%22150%22%20height%3D%22150%22%20viewBox%3D%220%200%20150%20150%22%3E%3C%2Fsvg%3E\" loading=\"eager\"><\/span><span class=\"fg-image-overlay\"><\/span><\/a><figcaption class=\"fg-caption\"><div class=\"fg-caption-inner\"><div class=\"fg-caption-title\">Svahy na freeride v zime<\/div><\/div><\/figcaption><\/figure><div class=\"fg-loader\"><\/div><\/div><div class=\"fg-item fg-type-image fg-idle\"><figure class=\"fg-item-inner\"><a href=\"https:\/\/kstll.eu\/wp-content\/uploads\/2019\/09\/r_08.jpg\" data-caption-title=\"Brestov\u00e1\" data-attachment-id=\"1866\" class=\"fg-thumb\"><span class=\"fg-image-wrap\"><img title=\"Brestov\u00e1\" width=\"150\" height=\"150\" class=\"skip-lazy fg-image\" data-src-fg=\"https:\/\/kstll.eu\/wp-content\/uploads\/cache\/2019\/09\/r_08\/47912031.jpg\" src=\"data:image\/svg+xml,%3Csvg%20xmlns%3D%22http%3A%2F%2Fwww.w3.org%2F2000%2Fsvg%22%20width%3D%22150%22%20height%3D%22150%22%20viewBox%3D%220%200%20150%20150%22%3E%3C%2Fsvg%3E\" loading=\"eager\"><\/span><span class=\"fg-image-overlay\"><\/span><\/a><figcaption class=\"fg-caption\"><div class=\"fg-caption-inner\"><div class=\"fg-caption-title\">Brestov\u00e1<\/div><\/div><\/figcaption><\/figure><div class=\"fg-loader\"><\/div><\/div><div class=\"fg-item fg-type-image fg-idle\"><figure class=\"fg-item-inner\"><a href=\"https:\/\/kstll.eu\/wp-content\/uploads\/2019\/09\/r_07.jpg\" data-caption-title=\"Siv\u00fd z Brestovej\" data-attachment-id=\"1865\" class=\"fg-thumb\"><span class=\"fg-image-wrap\"><img title=\"Siv\u00fd z Brestovej\" width=\"150\" height=\"150\" class=\"skip-lazy fg-image\" data-src-fg=\"https:\/\/kstll.eu\/wp-content\/uploads\/cache\/2019\/09\/r_07\/3414778901.jpg\" src=\"data:image\/svg+xml,%3Csvg%20xmlns%3D%22http%3A%2F%2Fwww.w3.org%2F2000%2Fsvg%22%20width%3D%22150%22%20height%3D%22150%22%20viewBox%3D%220%200%20150%20150%22%3E%3C%2Fsvg%3E\" loading=\"eager\"><\/span><span class=\"fg-image-overlay\"><\/span><\/a><figcaption class=\"fg-caption\"><div class=\"fg-caption-inner\"><div class=\"fg-caption-title\">Siv\u00fd z Brestovej<\/div><\/div><\/figcaption><\/figure><div class=\"fg-loader\"><\/div><\/div><div class=\"fg-item fg-type-image fg-idle\"><figure class=\"fg-item-inner\"><a href=\"https:\/\/kstll.eu\/wp-content\/uploads\/2019\/09\/r_06.jpg\" data-caption-title=\"D\u00e1\u017e\u010f na Roh\u00e1\u010dskom plese\" data-attachment-id=\"1864\" class=\"fg-thumb\"><span class=\"fg-image-wrap\"><img title=\"D\u00e1\u017e\u010f na Roh\u00e1\u010dskom plese\" width=\"150\" height=\"150\" class=\"skip-lazy fg-image\" data-src-fg=\"https:\/\/kstll.eu\/wp-content\/uploads\/cache\/2019\/09\/r_06\/3189917462.jpg\" src=\"data:image\/svg+xml,%3Csvg%20xmlns%3D%22http%3A%2F%2Fwww.w3.org%2F2000%2Fsvg%22%20width%3D%22150%22%20height%3D%22150%22%20viewBox%3D%220%200%20150%20150%22%3E%3C%2Fsvg%3E\" loading=\"eager\"><\/span><span class=\"fg-image-overlay\"><\/span><\/a><figcaption class=\"fg-caption\"><div class=\"fg-caption-inner\"><div class=\"fg-caption-title\">D\u00e1\u017e\u010f na Roh\u00e1\u010dskom plese<\/div><\/div><\/figcaption><\/figure><div class=\"fg-loader\"><\/div><\/div><div class=\"fg-item fg-type-image fg-idle\"><figure class=\"fg-item-inner\"><a href=\"https:\/\/kstll.eu\/wp-content\/uploads\/2019\/09\/r_05.jpg\" data-caption-title=\"Kme\u0148ov\u00fd..\" data-attachment-id=\"1863\" class=\"fg-thumb\"><span class=\"fg-image-wrap\"><img title=\"Kme\u0148ov\u00fd..\" width=\"150\" height=\"150\" class=\"skip-lazy fg-image\" data-src-fg=\"https:\/\/kstll.eu\/wp-content\/uploads\/cache\/2019\/09\/r_05\/2840110756.jpg\" src=\"data:image\/svg+xml,%3Csvg%20xmlns%3D%22http%3A%2F%2Fwww.w3.org%2F2000%2Fsvg%22%20width%3D%22150%22%20height%3D%22150%22%20viewBox%3D%220%200%20150%20150%22%3E%3C%2Fsvg%3E\" loading=\"eager\"><\/span><span class=\"fg-image-overlay\"><\/span><\/a><figcaption class=\"fg-caption\"><div class=\"fg-caption-inner\"><div class=\"fg-caption-title\">Kme\u0148ov\u00fd..<\/div><\/div><\/figcaption><\/figure><div class=\"fg-loader\"><\/div><\/div><div class=\"fg-item fg-type-image fg-idle\"><figure class=\"fg-item-inner\"><a href=\"https:\/\/kstll.eu\/wp-content\/uploads\/2019\/09\/r_04.jpg\" data-caption-title=\"Na Sivom\" data-attachment-id=\"1862\" class=\"fg-thumb\"><span class=\"fg-image-wrap\"><img title=\"Na Sivom\" width=\"150\" height=\"150\" class=\"skip-lazy fg-image\" data-src-fg=\"https:\/\/kstll.eu\/wp-content\/uploads\/cache\/2019\/09\/r_04\/3705898407.jpg\" src=\"data:image\/svg+xml,%3Csvg%20xmlns%3D%22http%3A%2F%2Fwww.w3.org%2F2000%2Fsvg%22%20width%3D%22150%22%20height%3D%22150%22%20viewBox%3D%220%200%20150%20150%22%3E%3C%2Fsvg%3E\" loading=\"eager\"><\/span><span class=\"fg-image-overlay\"><\/span><\/a><figcaption class=\"fg-caption\"><div class=\"fg-caption-inner\"><div class=\"fg-caption-title\">Na Sivom<\/div><\/div><\/figcaption><\/figure><div class=\"fg-loader\"><\/div><\/div><div class=\"fg-item fg-type-image fg-idle\"><figure class=\"fg-item-inner\"><a href=\"https:\/\/kstll.eu\/wp-content\/uploads\/2019\/09\/r_03.jpg\" data-caption-title=\"Biele skaly\" data-attachment-id=\"1861\" class=\"fg-thumb\"><span class=\"fg-image-wrap\"><img title=\"Biele skaly\" width=\"150\" height=\"150\" class=\"skip-lazy fg-image\" data-src-fg=\"https:\/\/kstll.eu\/wp-content\/uploads\/cache\/2019\/09\/r_03\/3327454808.jpg\" src=\"data:image\/svg+xml,%3Csvg%20xmlns%3D%22http%3A%2F%2Fwww.w3.org%2F2000%2Fsvg%22%20width%3D%22150%22%20height%3D%22150%22%20viewBox%3D%220%200%20150%20150%22%3E%3C%2Fsvg%3E\" loading=\"eager\"><\/span><span class=\"fg-image-overlay\"><\/span><\/a><figcaption class=\"fg-caption\"><div class=\"fg-caption-inner\"><div class=\"fg-caption-title\">Biele skaly<\/div><\/div><\/figcaption><\/figure><div class=\"fg-loader\"><\/div><\/div><div class=\"fg-item fg-type-image fg-idle\"><figure class=\"fg-item-inner\"><a href=\"https:\/\/kstll.eu\/wp-content\/uploads\/2019\/09\/r_02.jpg\" data-caption-title=\"Siv\u00fd vrch z bielych sk\u00e1l\" data-attachment-id=\"1860\" class=\"fg-thumb\"><span class=\"fg-image-wrap\"><img title=\"Siv\u00fd vrch z bielych sk\u00e1l\" width=\"150\" height=\"150\" class=\"skip-lazy fg-image\" data-src-fg=\"https:\/\/kstll.eu\/wp-content\/uploads\/cache\/2019\/09\/r_02\/3019885915.jpg\" src=\"data:image\/svg+xml,%3Csvg%20xmlns%3D%22http%3A%2F%2Fwww.w3.org%2F2000%2Fsvg%22%20width%3D%22150%22%20height%3D%22150%22%20viewBox%3D%220%200%20150%20150%22%3E%3C%2Fsvg%3E\" loading=\"eager\"><\/span><span class=\"fg-image-overlay\"><\/span><\/a><figcaption class=\"fg-caption\"><div class=\"fg-caption-inner\"><div class=\"fg-caption-title\">Siv\u00fd vrch z bielych sk\u00e1l<\/div><\/div><\/figcaption><\/figure><div class=\"fg-loader\"><\/div><\/div><div class=\"fg-item fg-type-image fg-idle\"><figure class=\"fg-item-inner\"><a href=\"https:\/\/kstll.eu\/wp-content\/uploads\/2019\/09\/r_01.jpg\" data-caption-title=\"N\u00e1stup na t\u00faru de\u0148 1\" data-attachment-id=\"1859\" class=\"fg-thumb\"><span class=\"fg-image-wrap\"><img title=\"N\u00e1stup na t\u00faru de\u0148 1\" width=\"150\" height=\"150\" class=\"skip-lazy fg-image\" data-src-fg=\"https:\/\/kstll.eu\/wp-content\/uploads\/cache\/2019\/09\/r_01\/89576229.jpg\" src=\"data:image\/svg+xml,%3Csvg%20xmlns%3D%22http%3A%2F%2Fwww.w3.org%2F2000%2Fsvg%22%20width%3D%22150%22%20height%3D%22150%22%20viewBox%3D%220%200%20150%20150%22%3E%3C%2Fsvg%3E\" loading=\"eager\"><\/span><span class=\"fg-image-overlay\"><\/span><\/a><figcaption class=\"fg-caption\"><div class=\"fg-caption-inner\"><div class=\"fg-caption-title\">N\u00e1stup na t\u00faru de\u0148 1<\/div><\/div><\/figcaption><\/figure><div class=\"fg-loader\"><\/div><\/div><\/div>\r\n\n<p>&nbsp;<\/p>\n","protected":false},"excerpt":{"rendered":"<p>Jesenn\u00fd z\u00e1jazd : \u00a0 Z\u00e1padn\u00e9 Tatry\u00a029.8. \u2013 1.9.2019 Prv\u00fd de\u0148 sme vyrazili od Hor\u00e1rne pod Bielou skalou za pekn\u00e9ho po\u010dasia smer Siv\u00fd vrch. Po pomerne n\u00e1ro\u010dnom preliezan\u00ed cez skaln\u00e9 mesto, kde v kritick\u00fdch \u00fasekoch sme museli potl\u00e1\u010da\u0165 za zadnice 2 &hellip; <a href=\"https:\/\/kstll.eu\/index.php\/2019\/09\/01\/zapadne-tatry-082019\/\">Continued<\/a><\/p>\n","protected":false},"author":1,"featured_media":0,"comment_status":"open","ping_status":"closed","sticky":false,"template":"","format":"standard","meta":[],"categories":[22,5],"tags":[],"_links":{"self":[{"href":"https:\/\/kstll.eu\/index.php\/wp-json\/wp\/v2\/posts\/1850"}],"collection":[{"href":"https:\/\/kstll.eu\/index.php\/wp-json\/wp\/v2\/posts"}],"about":[{"href":"https:\/\/kstll.eu\/index.php\/wp-json\/wp\/v2\/types\/post"}],"author":[{"embeddable":true,"href":"https:\/\/kstll.eu\/index.php\/wp-json\/wp\/v2\/users\/1"}],"replies":[{"embeddable":true,"href":"https:\/\/kstll.eu\/index.php\/wp-json\/wp\/v2\/comments?post=1850"}],"version-history":[{"count":7,"href":"https:\/\/kstll.eu\/index.php\/wp-json\/wp\/v2\/posts\/1850\/revisions"}],"predecessor-version":[{"id":1873,"href":"https:\/\/kstll.eu\/index.php\/wp-json\/wp\/v2\/posts\/1850\/revisions\/1873"}],"wp:attachment":[{"href":"https:\/\/kstll.eu\/index.php\/wp-json\/wp\/v2\/media?parent=1850"}],"wp:term":[{"taxonomy":"category","embeddable":true,"href":"https:\/\/kstll.eu\/index.php\/wp-json\/wp\/v2\/categories?post=1850"},{"taxonomy":"post_tag","embeddable":true,"href":"https:\/\/kstll.eu\/index.php\/wp-json\/wp\/v2\/tags?post=1850"}],"curies":[{"name":"wp","href":"https:\/\/api.w.org\/{rel}","templated":true}]}}