{"id":3655,"date":"2026-01-23T10:09:15","date_gmt":"2026-01-23T10:09:15","guid":{"rendered":"https:\/\/kstll.eu\/?p=3655"},"modified":"2026-01-23T10:09:15","modified_gmt":"2026-01-23T10:09:15","slug":"vyrocna-clenska-schodza-kst-ll","status":"publish","type":"post","link":"https:\/\/kstll.eu\/index.php\/2026\/01\/23\/vyrocna-clenska-schodza-kst-ll\/","title":{"rendered":"V\u00fdro\u010dn\u00e1 \u010dlensk\u00e1 sch\u00f4dza KST LL"},"content":{"rendered":"<p><strong>P o\u00a0z\u00a0v\u00a0\u00e1 n k\u00a0a\u00a0 n a\u00a0 V\u00a0\u010c S\u00a0 K\u00a0S\u00a0T\u00a0 LL<\/strong><\/p>\n<p><strong>\u00a0<\/strong><\/p>\n<p>Klub slovensk\u00fdch turistov Lietavsk\u00e1 L\u00fa\u010dka V\u00e1s poz\u00fdva na Valn\u00e9 zhroma\u017edenie KST LL \u2013 v\u00fdro\u010dn\u00fa \u010dlensk\u00fa sch\u00f4dzu, ktor\u00e1 sa bude kona\u0165 d\u0148a <strong>5. febru\u00e1ra 2026 o\u00a017<sup>00<\/sup> hod. (\u0161tvrtok)<\/strong> v\u00a0Dome kult\u00fary v\u00a0Lietavskej L\u00fa\u010dke.<\/p>\n<p>&nbsp;<\/p>\n<p><strong>Program:<\/strong><\/p>\n<p>16<sup>00 \u2013 <\/sup>17<sup>00<\/sup> hod \u2013 premietanie video z\u00e1znamov, fotografi\u00ed s\u00a0turistickou tematikou<\/p>\n<p>17<sup>00\u00a0\u00a0\u00a0\u00a0\u00a0\u00a0\u00a0\u00a0\u00a0\u00a0\u00a0\u00a0\u00a0\u00a0\u00a0\u00a0\u00a0\u00a0\u00a0\u00a0\u00a0\u00a0\u00a0 \u00a0<\/sup>&#8211; \u00a0otvorenie V\u010cS, vo\u013eba mand\u00e1tovo-n\u00e1vrhovej a volebnej komisie<\/p>\n<p>&#8211;\u00a0 spr\u00e1va o\u00a0\u010dinnosti KST LL za rok 2025<\/p>\n<p>&#8211;\u00a0 spr\u00e1va o\u00a0hospod\u00e1ren\u00ed za rok 2025<\/p>\n<p>&#8211;\u00a0 spr\u00e1va Kontrolnej rady KST LL<\/p>\n<p>&#8211;\u00a0 spr\u00e1va mand\u00e1tovo-n\u00e1vrhovej komisie<\/p>\n<p>&#8211;\u00a0 vo\u013eby predsedu, \u010dlenov a\u00a0n\u00e1hradn\u00edkov VV a\u00a0\u010dlenov Kontrolnej rady<\/p>\n<p>&#8211; \u00a0spr\u00e1va volebnej komisie<\/p>\n<p>&#8211;\u00a0 diskusia<\/p>\n<p>&#8211; \u00a0n\u00e1vrh a\u00a0schv\u00e1lenie uznesenia<\/p>\n<p>&#8211; \u00a0z\u00e1ver rokovania V\u010cS<\/p>\n<p>&#8211; \u00a0ob\u010derstvenie \u2013 kapustnica<\/p>\n<p>&#8211; \u00a0vo\u013en\u00e1 diskusia a\u00a0pokra\u010dovanie premietania video z\u00e1znamov a\u00a0fotografi\u00ed<\/p>\n<p>&nbsp;<\/p>\n<p>Pr\u00edtomn\u00fdm \u010dlenom sa bud\u00fa odovzd\u00e1va\u0165 \u010dlensk\u00e9 zn\u00e1mky platn\u00e9 pre rok 2026.<\/p>\n<p>&nbsp;<\/p>\n<p><strong>V\u00a0roku 2026 sa uskuto\u010dnia nasledovn\u00e9 hlavn\u00e9 turistick\u00e9 podujatia:<\/strong><\/p>\n<p><strong>7.3.2026 \u00a0Kub\u00ednska ho\u013ea <\/strong>ly\u017eiarsko-turistick\u00fd z\u00e1jazd.<\/p>\n<p>&nbsp;<\/p>\n<p><strong>30.5. \u2013 31.5.2026\u00a0 Ve\u013ek\u00e1 Fatra, chata Smrekovica \u2013 <\/strong>jarn\u00fd v\u00fdlet.<\/p>\n<p>&nbsp;<\/p>\n<p><strong>4.9. \u2013 6.9.2026\u00a0 N\u00edzke Tatry \u2013 penzi\u00f3n STIV \u010certovica \u2013 <\/strong>jesenn\u00fd v\u00fdlet.<\/p>\n<p>&nbsp;<\/p>\n<p>Platby na jednotliv\u00e9 turistick\u00e9 podujatia je potrebn\u00e9 posiela\u0165 na \u00fa\u010det \u010ceskoslovensk\u00e1 obchodn\u00e1 banka:<\/p>\n<p>N\u00e1zov \u00fa\u010dtu: <strong>Klub slovenskych turistov Lietavska Lucka<\/strong><\/p>\n<p><strong>IBAN SK21 7500 0000 0040 3008 3888<\/strong>.<\/p>\n<p>Do pozn\u00e1mky uve\u010fte svoje meno.<\/p>\n<p>&nbsp;<\/p>\n<p>Ob\u010derstvenie vo forme dom\u00e1cich v\u00fdrobkov ako kol\u00e1\u010de, pos\u00fachy, ty\u010dinky a\u00a0pod. s\u00fa v\u00edtan\u00e9.<\/p>\n<p>Srde\u010dne V\u00e1s poz\u00fdvame a\u00a0te\u0161\u00edme sa na Va\u0161u \u00fa\u010das\u0165<\/p>\n<p>&nbsp;<\/p>\n<p>v\u00fdbor KST Lietavsk\u00e1 L\u00fa\u010dka<\/p>\n","protected":false},"excerpt":{"rendered":"<p>P o\u00a0z\u00a0v\u00a0\u00e1 n k\u00a0a\u00a0 n a\u00a0 V\u00a0\u010c S\u00a0 K\u00a0S\u00a0T\u00a0 LL \u00a0 Klub slovensk\u00fdch turistov Lietavsk\u00e1 L\u00fa\u010dka V\u00e1s poz\u00fdva na Valn\u00e9 zhroma\u017edenie KST LL \u2013 v\u00fdro\u010dn\u00fa \u010dlensk\u00fa sch\u00f4dzu, ktor\u00e1 sa bude kona\u0165 d\u0148a 5. febru\u00e1ra 2026 o\u00a01700 hod. (\u0161tvrtok) v\u00a0Dome kult\u00fary &hellip; <a href=\"https:\/\/kstll.eu\/index.php\/2026\/01\/23\/vyrocna-clenska-schodza-kst-ll\/\">Continued<\/a><\/p>\n","protected":false},"author":7,"featured_media":0,"comment_status":"open","ping_status":"closed","sticky":false,"template":"","format":"standard","meta":[],"categories":[5],"tags":[],"_links":{"self":[{"href":"https:\/\/kstll.eu\/index.php\/wp-json\/wp\/v2\/posts\/3655"}],"collection":[{"href":"https:\/\/kstll.eu\/index.php\/wp-json\/wp\/v2\/posts"}],"about":[{"href":"https:\/\/kstll.eu\/index.php\/wp-json\/wp\/v2\/types\/post"}],"author":[{"embeddable":true,"href":"https:\/\/kstll.eu\/index.php\/wp-json\/wp\/v2\/users\/7"}],"replies":[{"embeddable":true,"href":"https:\/\/kstll.eu\/index.php\/wp-json\/wp\/v2\/comments?post=3655"}],"version-history":[{"count":1,"href":"https:\/\/kstll.eu\/index.php\/wp-json\/wp\/v2\/posts\/3655\/revisions"}],"predecessor-version":[{"id":3656,"href":"https:\/\/kstll.eu\/index.php\/wp-json\/wp\/v2\/posts\/3655\/revisions\/3656"}],"wp:attachment":[{"href":"https:\/\/kstll.eu\/index.php\/wp-json\/wp\/v2\/media?parent=3655"}],"wp:term":[{"taxonomy":"category","embeddable":true,"href":"https:\/\/kstll.eu\/index.php\/wp-json\/wp\/v2\/categories?post=3655"},{"taxonomy":"post_tag","embeddable":true,"href":"https:\/\/kstll.eu\/index.php\/wp-json\/wp\/v2\/tags?post=3655"}],"curies":[{"name":"wp","href":"https:\/\/api.w.org\/{rel}","templated":true}]}}